{"id":5892,"date":"2024-02-12T08:30:00","date_gmt":"2024-02-12T07:30:00","guid":{"rendered":"https:\/\/gfieurope.org\/de\/?p=5892"},"modified":"2024-06-10T10:47:32","modified_gmt":"2024-06-10T08:47:32","slug":"mehrwertsteuer-auf-pflanzenmilch-in-europa","status":"publish","type":"post","link":"https:\/\/gfieurope.org\/de\/blog\/mehrwertsteuer-auf-pflanzenmilch-in-europa\/","title":{"rendered":"Mehrwertsteuer: Gleiche Wettbewerbsbedingungen f\u00fcr pflanzliche Milch in Europa schaffen"},"content":{"rendered":"<div class=\"page-header-side-image alignfull has-background has-white-background-color\">\n\t\n\t<div class=\"page-header-side-image__wrap alignsemiwide\">\n\t\t\n\n<div class=\"page-header-side-image__content\">\n<h1 class=\"wp-block-heading\">Mehrwertsteuer: Gleiche Wettbewerbsbedingungen f\u00fcr pflanzliche Milch in Europa schaffen<strong> <\/strong><\/h1>\n\n\n\n<p>12. Februar 2024<\/p>\n\n\n\n<p class=\"has-medium-font-size\">In einigen europ\u00e4ischen L\u00e4ndern wird auf pflanzliche Milch eine deutlich h\u00f6here Mehrwertsteuer erhoben als auf Kuhmilch. In einigen L\u00e4ndern, darunter Deutschland, gibt es Initiativen, um diese Benachteiligung zu beenden.&nbsp;<\/p>\n\n\n\n<p>This article is also <a href=\"https:\/\/gfieurope.org\/blog\/vat-disparity-levelling-the-playing-field-for-plant-based-milk-in-europe\/\">available in English<\/a>.<\/p>\n\n\n\n<p>Questo articolo \u00e8 disponibile\u00a0<a href=\"https:\/\/gfieurope.org\/it\/blog\/equita-fiscale-ripensare-liva-sul-latte-vegetale-in-italia-e-in-europa\/\" target=\"_blank\" rel=\"noreferrer noopener\">anche in italiano<\/a>.<\/p>\n\n\n<div class=\"share\"><ul class=\"share__list\"><li class=\"share__item\"><a href=\"https:\/\/www.facebook.com\/sharer.php?u=https%3A%2F%2Fgfieurope.org%2Fde%2Fblog%2Fmehrwertsteuer-auf-pflanzenmilch-in-europa%2F\" class=\"share__link share__link--facebook nls\" target=\"_blank\" rel=\"noopener\">\n\t<span class=\"a11y\">Diese Seite auf Facebook teilen<\/span>\n\t<span class=\"share__icon\" aria-hidden=\"true\"><svg xmlns=\"http:\/\/www.w3.org\/2000\/svg\" width=\"37\" height=\"37\" viewbox=\"0 0 37 37\" role=\"img\" focusable=\"false\" class=\"svg svg--facebook\"><path d=\"M37 18.613C37 8.333 28.717 0 18.5 0S0 8.333 0 18.613C0 27.903 6.765 35.603 15.61 37V23.993h-4.698v-5.38h4.697v-4.1c0-4.666 2.762-7.242 6.988-7.242 2.024 0 4.141.363 4.141.363v4.58h-2.332c-2.299 0-3.015 1.436-3.015 2.908v3.491h5.13l-.82 5.38h-4.31V37C30.235 35.604 37 27.903 37 18.613z\" fill-rule=\"nonzero\"><\/path><\/svg><!-- <svg version=\"1.1\" xmlns=\"http:\/\/www.w3.org\/2000\/svg\" width=\"14\" height=\"24\" viewBox=\"0 0 263 448\"><path d=\"M239.75 3v66h-39.25c-30.75 0-36.5 14.75-36.5 36v47.25h73.25l-9.75 74h-63.5v189.75h-76.5v-189.75h-63.75v-74h63.75v-54.5c0-63.25 38.75-97.75 95.25-97.75 27 0 50.25 2 57 3z\"><\/path><\/svg> --><\/span>\n\t<span class=\"share__tooltip\" aria-hidden=\"true\">Share on Facebook<\/span>\n<\/a>\n<\/li><li class=\"share__item\"><a href=\"https:\/\/twitter.com\/intent\/tweet?url=https%3A%2F%2Fgfieurope.org%2Fde%2Fblog%2Fmehrwertsteuer-auf-pflanzenmilch-in-europa%2F\" class=\"share__link share__link--twitter nls\" target=\"_blank\" rel=\"noopener\">\n\t<span class=\"a11y\">Diese Seite auf Twitter teilen<\/span>\n\t<span class=\"share__icon\" aria-hidden=\"true\"><svg xmlns=\"http:\/\/www.w3.org\/2000\/svg\" aria-label=\"Twitter\" width=\"32\" height=\"32\" viewBox=\"0 0 512 512\" role=\"img\" focusable=\"false\" class=\"svg svg--twitter\"><path d=\"M389.2 48h70.6L305.6 224.2 487 464H345L233.7 318.6 106.5 464H35.8L200.7 275.5 26.8 48H172.4L272.9 180.9 389.2 48zM364.4 421.8h39.1L151.1 88h-42L364.4 421.8z\"><\/path><\/svg><\/span>\n\t<span class=\"share__tooltip\" aria-hidden=\"true\">Share on X<\/span>\n<\/a>\n<\/li><li class=\"share__item\"><a href=\"https:\/\/www.linkedin.com\/shareArticle?url=https%3A%2F%2Fgfieurope.org%2Fde%2Fblog%2Fmehrwertsteuer-auf-pflanzenmilch-in-europa%2F&amp;title=Mehrwertsteuer%3A%20Gleiche%20Wettbewerbsbedingungen%20f%C3%BCr%20pflanzliche%20Milch%20in%20Europa%20schaffen&amp;mini=true\" target=\"_blank\" rel=\"noopener\" class=\"share__link share__link--linkedin nls\">\n\t<span class=\"a11y\">Diese Seite auf LinkedIn teilen<\/span>\n\t<span class=\"share__icon\" aria-hidden=\"true\"><svg xmlns=\"http:\/\/www.w3.org\/2000\/svg\" aria-label=\"LinkedIn\" width=\"32\" height=\"33\" viewbox=\"0 0 32 33\" role=\"img\" focusable=\"false\" class=\"svg svg--linkedin\"><path d=\"M4 8c1.097 0 2.038-.392 2.823-1.177C7.608 6.016 8 5.075 8 4c0-1.086-.392-2.032-1.177-2.839C6.038.387 5.097 0 4 0 2.914 0 1.973.387 1.177 1.161.392 1.968 0 2.914 0 4c0 1.075.392 2.016 1.177 2.823C1.962 7.608 2.903 8 4 8zm13.41 24c.226 0 .42-.082.585-.247a.758.758 0 00.23-.555V20.406c0-1.397.272-2.492.815-3.283.533-.781 1.476-1.172 2.829-1.172 1.045 0 1.768.252 2.168.755.41.525.615 1.316.615 2.375v12.117c0 .216.076.401.23.555a.78.78 0 00.569.247h5.75c.205 0 .389-.082.553-.247a.768.768 0 00.246-.555V17.77c0-2.56-.738-4.496-2.214-5.812C28.321 10.653 26.281 10 23.668 10c-2.327 0-4.197.663-5.612 1.989 0-.113-.005-.231-.015-.355v-.17a2.536 2.536 0 01-.077-.4c-.051-.226-.128-.37-.23-.432-.113-.072-.272-.108-.477-.108h-5.458a.772.772 0 00-.568.231.776.776 0 00-.231.57v19.873c0 .216.077.401.23.555a.78.78 0 00.57.247h5.61zM6.227 33c.198 0 .377-.084.536-.253A.808.808 0 007 32.18V11.82a.826.826 0 00-.238-.584.711.711 0 00-.536-.237H.774a.711.711 0 00-.536.237.826.826 0 00-.238.584V32.18c0 .21.08.4.238.568.16.169.338.253.536.253h5.452z\" fill-rule=\"nonzero\"><\/path><\/svg><!-- <svg aria-label=\"LinkedIn\" xmlns=\"http:\/\/www.w3.org\/2000\/svg\" viewBox=\"0 0 448 512\" width=\"21\" height=\"24\"><path d=\"M100.28 448H7.4V148.9h92.88zM53.79 108.1C24.09 108.1 0 83.5 0 53.8a53.79 53.79 0 0 1 107.58 0c0 29.7-24.1 54.3-53.79 54.3zM447.9 448h-92.68V302.4c0-34.7-.7-79.2-48.29-79.2-48.29 0-55.69 37.7-55.69 76.7V448h-92.78V148.9h89.08v40.8h1.3c12.4-23.5 42.69-48.3 87.88-48.3 94 0 111.28 61.9 111.28 142.3V448z\"\/><\/svg> --><\/span>\n\t<span class=\"share__tooltip\" aria-hidden=\"true\">Share on LinkedIn<\/span>\n<\/a>\n<\/li><\/ul><\/div><\/div>\n\n\n\n<div class=\"page-header-side-image__media\">\n<figure class=\"wp-block-image size-full\"><img loading=\"lazy\" decoding=\"async\" width=\"614\" height=\"414\" src=\"https:\/\/gfieurope.org\/de\/wp-content\/uploads\/sites\/2\/2023\/08\/Pflanzenmilch.png\" alt=\"Pflanzliche Milch auf Basis von Soja\" class=\"wp-image-5660\" srcset=\"https:\/\/gfieurope.org\/de\/wp-content\/uploads\/sites\/2\/2023\/08\/Pflanzenmilch.png 614w, https:\/\/gfieurope.org\/de\/wp-content\/uploads\/sites\/2\/2023\/08\/Pflanzenmilch-300x202.png 300w, https:\/\/gfieurope.org\/de\/wp-content\/uploads\/sites\/2\/2023\/08\/Pflanzenmilch-437x295.png 437w, https:\/\/gfieurope.org\/de\/wp-content\/uploads\/sites\/2\/2023\/08\/Pflanzenmilch-214x144.png 214w\" sizes=\"(max-width: 614px) 100vw, 614px\" \/><\/figure>\n<\/div>\n\n\n\t<\/div>\n<\/div>\n\n\n\n<p>In einigen europ\u00e4ischen L\u00e4ndern wird auf pflanzliche Milch eine deutlich h\u00f6here Mehrwertsteuer erhoben als auf Kuhmilch. Dabei hat pflanzliche Milch einen deutlich geringeren \u00f6kologischen Fu\u00dfabdruck und stellt eine Alternative f\u00fcr Menschen mit einer Unvertr\u00e4glichkeit oder Allergie dar.&nbsp;<\/p>\n\n\n\n<p>Auf diese Ungleichbehandlung hat ein <a href=\"https:\/\/proveg.com\/wp-content\/uploads\/2019\/10\/PV_Plant_Milk_Report_281019-1.pdf\" target=\"_blank\" rel=\"noopener\">Report von ProVeg<\/a> im Jahr 2019 hingewiesen, und aktuelle Debatten <a href=\"https:\/\/gfieurope.org\/de\/blog\/abgeordnete-wollen-weniger-mwst-auf-pflanzliche-milch\/\">in Deutschland<\/a> und anderswo haben das Thema erneut in den Fokus ger\u00fcckt. In diesem Beitrag werfen wir einen Blick auf die unterschiedlichen Gegebenheiten in Europa und stellen dar, wo diese ungleichen Wettbewerbsbedingungen bestehen und wo es Initiativen gibt, um die steuerlichen Nachteile zulasten pflanzenbasierter Produkte abzubauen.<\/p>\n\n\n\n<h2 class=\"wp-block-heading\"><strong>Was ist die Mehrwertsteuer?<\/strong><\/h2>\n\n\n\n<p>Die Mehrwertsteuer wird auf den Preis der meisten Konsumg\u00fcter und Dienstleistungen aufgeschlagen. Grunds\u00e4tzlich kommt ein Regelsteuersatz zur Anwendung, der in den europ\u00e4ischen L\u00e4ndern unterschiedlich hoch ist. In vielen L\u00e4ndern kann die Regierung einen niedrigeren Mehrwertsteuersatz oder eine Mehrwertsteuerbefreiung auf bestimmte Produktkategorien erlassen, um sie f\u00fcr die Verbraucher:innen erschwinglicher zu machen.<\/p>\n\n\n\n<p>In den meisten europ\u00e4ischen L\u00e4ndern, darunter bis auf ein paar Ausnahmen auch die meisten EU-Mitgliedstaaten, wird pflanzliche Milch mit demselben Satz besteuert wie Kuhmilch, da beide als Grundnahrungsmittel gelten. In einigen L\u00e4ndern erhebt der Gesetzgeber jedoch einen h\u00f6heren Mehrwertsteuersatz auf pflanzliche Milch \u2013 darunter auch Deutschland und \u00d6sterreich.&nbsp;<\/p>\n\n\n\n<p>Die genauen Gr\u00fcnde f\u00fcr diese Abweichungen variieren, aber sie ergeben sich in der Regel aus der Art und Weise, wie pflanzliche Milch und Kuhmilch kategorisiert werden. In Deutschland kategorisiert der Gesetzgeber Kuhmilch als \u201eGrundnahrungsmittel\u201c, w\u00e4hrend er pflanzliche Milch als \u201eGetr\u00e4nk\u201c einstuft, obwohl sie f\u00fcr Verbraucher:innen dieselbe Rolle spielen. Auf diese unterschiedliche Einstufung beruft sich die Politik, um den Steuernachteil f\u00fcr pflanzliche Milch zu begr\u00fcnden.&nbsp;<\/p>\n\n\n\n<h2 class=\"wp-block-heading\"><strong>Warum ist das relevant?<\/strong><\/h2>\n\n\n\n<p>Es gibt <a href=\"https:\/\/www.foodnavigator.com\/Article\/2023\/06\/05\/health-environment-or-lactose-intolerance-why-do-people-drink-plant-based-milk#:~:text=Conversely%2C%20less%20than%2010%25%20of,overlap%20in%20the%20two%20categories.\" target=\"_blank\" rel=\"noopener\">viele Gr\u00fcnde<\/a>, warum sich Menschen f\u00fcr pflanzliche Milch entscheiden. Sie macht <a href=\"https:\/\/gfieurope.org\/market-insights-on-european-plant-based-sales-2020-2022\/#plant-based-milk\">11% des gesamten Milchabsatzes<\/a> in Europa aus, in <a href=\"https:\/\/gfieurope.org\/wp-content\/uploads\/2023\/04\/Marktentwicklung-Plantbased-in-Deutschland-2020-2020-DE_updated.pdf\">Deutschland sind es 13%<\/a>.<\/p>\n\n\n\n<p>Pflanzliche Milch hat gegen\u00fcber Kuhmilch <a href=\"https:\/\/ourworldindata.org\/environmental-impact-milks\" target=\"_blank\" rel=\"noopener\">erhebliche Vorteile<\/a> in Bezug auf Fl\u00e4chenverbrauch, Treibhausgasemissionen, Wasserverbrauch und Stickstoffbelastung. Es wird <a href=\"https:\/\/ourworldindata.org\/environmental-impact-milks\" target=\"_blank\" rel=\"noopener\">gesch\u00e4tzt<\/a>, dass Milchprodukte 25-30% der ern\u00e4hrungsbezogenen CO2-Emissionen eines durchschnittlichen Europ\u00e4ers ausmachen. Kuhmilch tr\u00e4gt au\u00dferdem wesentlich zum <a href=\"https:\/\/www.nature.com\/articles\/s43016-023-00795-w#MOESM1\" target=\"_blank\" rel=\"noopener\">Verlust der Biodiversit\u00e4t<\/a> bei.<\/p>\n\n\n\n<figure class=\"wp-block-image\"><img decoding=\"async\" src=\"https:\/\/lh7-us.googleusercontent.com\/GhMKMmXqharjhpWwDq-qH9uMKZVWUhR_VkuN7bbapRkAZFfH2QQcM4RVuopDJLREfiB1U_zZYPDJfRklsjalVxakIQ7o_vyfNg1TjTf_6vW2weyEESbVw47xXXGenKv1qd43KlW1sP99zJ88oS45FEs\" alt=\"\" \/><\/figure>\n\n\n\n<p><\/p>\n\n\n\n<p>Hinzu kommt, dass viele Menschen herk\u00f6mmliche Milch nicht richtig verdauen k\u00f6nnen, was zu Unvertr\u00e4glichkeiten und Darmproblemen f\u00fchren kann. Von dieser als Laktoseintoleranz bzw. Laktosemalabsorption bezeichneten Unvertr\u00e4glichkeit <a href=\"https:\/\/www.thelancet.com\/journals\/langas\/article\/PIIS2468-1253(17)30154-1\/fulltext#seccestitle120\" target=\"_blank\" rel=\"noopener\">sind sch\u00e4tzungsweise<\/a> 26% der Menschen in Nord-, S\u00fcd- und Westeuropa und 47% der Menschen in Osteuropa, Russland und den ehemaligen Sowjetrepubliken betroffen. Kuhmilch ist auch die h\u00e4ufigste Nahrungsmittelallergie im Kindesalter, von der <a href=\"https:\/\/www.frontiersin.org\/articles\/10.3389\/fped.2019.00372\/full\" target=\"_blank\" rel=\"noopener\">zwischen 2% und 7,5%<\/a> der S\u00e4uglinge und Kleinkinder betroffen sind.<\/p>\n\n\n\n<p>Verbraucher:innen, die pflanzliche Milch kaufen, verwenden sie in der Regel auf die gleiche Weise wie Kuhmilch. Wenn das eine ein Grundnahrungsmittel ist, dann ist es auch das andere. Ein erm\u00e4\u00dfigter Mehrwertsteuersatz f\u00fcr Kuh-, nicht aber f\u00fcr pflanzliche Milch, benachteiligt Verbraucher:innen, die eine nachhaltigere Wahl treffen m\u00f6chten, und erh\u00f6ht die Kosten f\u00fcr Menschen mit Unvertr\u00e4glichkeiten und Allergien, die auf Alternativen angewiesen sind.<\/p>\n\n\n\n<h2 class=\"wp-block-heading\"><strong>Wie ist die Situation in Deutschland?<\/strong><\/h2>\n\n\n\n<p>Deutschland ist der gr\u00f6\u00dfte Markt f\u00fcr pflanzliche Milch in Europa, mit einem Umsatz von \u00fcber <a href=\"https:\/\/gfieurope.org\/market-insights-on-european-plant-based-sales-2020-2022\/#germany\">500 Millionen Euro<\/a> im Jahr 2022. Dennoch gibt es hier eine der gr\u00f6\u00dften Ungleichbehandlungen zwischen den Mehrwertsteuers\u00e4tzen f\u00fcr pflanzliche und Kuhmilch in Europa. Auf Pflanzenmilch wird in Deutschland der volle Steuersatz von 19%, auf Kuhmilch der erm\u00e4\u00dfigte Satz von 7% erhoben. Noch st\u00e4rker wird pflanzliche Milch durch die Mehrwertsteuer nur in Italien und Ungarn benachteiligt.<\/p>\n\n\n\n<p>Ende August 2023 haben Bundestagsabgeordnete von SPD und B\u00fcndnis 90\/Die Gr\u00fcnen eine <a href=\"https:\/\/gfieurope.org\/de\/blog\/abgeordnete-wollen-weniger-mwst-auf-pflanzliche-milch\/\">Angleichung des Mehrwertsteuersatzes<\/a> auf Pflanzenmilch gefordert, indem auf pflanzliche Milch k\u00fcnftig der erm\u00e4\u00dfigte Steuersatz angewendet wird. Die Frage ist nun, ob diese Initiative von der Regierungskoalition im Rahmen der Beratungen zum Jahressteuergesetz 2024 umgesetzt wird.<\/p>\n\n\n\n<p>Das <a href=\"https:\/\/www.ipe-evaluation.de\/app\/uploads\/2023\/08\/Die-Auswirkungen-einer-Mehrwertsteuerreform-auf-pflanzliche-Milchalternativen.pdf\" target=\"_blank\" rel=\"noopener\">Institute for Policy Evaluation hat untersucht<\/a>, was eine solche Mehrwertsteuerangleichung in Deutschland f\u00fcr Auswirkungen auf Klima, Umwelt und Steuereinnahmen h\u00e4tte. Eine Reduzierung des Steuersatzes f\u00fcr pflanzliche Milch auf 7% w\u00fcrde demnach Einnahmeausf\u00e4lle von rund 40 Millionen Euro bedeuten. Dem w\u00fcrden jedoch Einsparungen an anderer Stelle gegen\u00fcberstehen, da pflanzliche Milch klima- und ressourcenschonender produziert werden kann. Laut der Analyse k\u00f6nnten durch den Umstieg auf Pflanzenmilch Klimafolgekosten von rund 62 Millionen Euro vermieden werden.&nbsp;<\/p>\n\n\n\n<p>Laut der Analyse k\u00f6nnten durch eine Angleichung der Steuers\u00e4tze 317.000 t CO2e eingespart werden. Auch der Wasserverbrauch w\u00fcrde mit 72 Milliarden Litern deutlich sinken. Was laut Institut for Policy Evaluation dem Frischwasserverbauch der gesamten deutschen Bev\u00f6lkerung f\u00fcr fast eine Woche entspr\u00e4che. Ebenso w\u00fcrde der Fl\u00e4chenbedarf um \u00fcber eine Milliarde Quadratmeter reduziert werden. Was einer gr\u00f6\u00dferen Fl\u00e4che als der von Hamburg und Bremen zusammen entspricht.&nbsp; So k\u00f6nnte auch Raum geschaffen werden f\u00fcr die \u00f6kologische Landwirtschaft oder Renaturierungsma\u00dfnahmen.<\/p>\n\n\n\n<h2 class=\"wp-block-heading\"><strong>Welche anderen L\u00e4nder in Europa erheben eine h\u00f6here Mehrwertsteuer auf pflanzliche Milch?<\/strong><\/h2>\n\n\n\n<figure class=\"wp-block-image size-full\"><img loading=\"lazy\" decoding=\"async\" width=\"3068\" height=\"2245\" src=\"https:\/\/gfieurope.org\/de\/wp-content\/uploads\/sites\/2\/2024\/06\/VAT-map_06-2024_DE-01.png\" alt=\"Milch-Mehrwertsteuer karte von Europa\" class=\"wp-image-6016\" srcset=\"https:\/\/gfieurope.org\/de\/wp-content\/uploads\/sites\/2\/2024\/06\/VAT-map_06-2024_DE-01.png 3068w, https:\/\/gfieurope.org\/de\/wp-content\/uploads\/sites\/2\/2024\/06\/VAT-map_06-2024_DE-01-300x220.png 300w, https:\/\/gfieurope.org\/de\/wp-content\/uploads\/sites\/2\/2024\/06\/VAT-map_06-2024_DE-01-1024x749.png 1024w, https:\/\/gfieurope.org\/de\/wp-content\/uploads\/sites\/2\/2024\/06\/VAT-map_06-2024_DE-01-768x562.png 768w, https:\/\/gfieurope.org\/de\/wp-content\/uploads\/sites\/2\/2024\/06\/VAT-map_06-2024_DE-01-1536x1124.png 1536w, https:\/\/gfieurope.org\/de\/wp-content\/uploads\/sites\/2\/2024\/06\/VAT-map_06-2024_DE-01-2048x1499.png 2048w, https:\/\/gfieurope.org\/de\/wp-content\/uploads\/sites\/2\/2024\/06\/VAT-map_06-2024_DE-01-1968x1440.png 1968w, https:\/\/gfieurope.org\/de\/wp-content\/uploads\/sites\/2\/2024\/06\/VAT-map_06-2024_DE-01-1476x1080.png 1476w, https:\/\/gfieurope.org\/de\/wp-content\/uploads\/sites\/2\/2024\/06\/VAT-map_06-2024_DE-01-437x320.png 437w, https:\/\/gfieurope.org\/de\/wp-content\/uploads\/sites\/2\/2024\/06\/VAT-map_06-2024_DE-01-214x157.png 214w\" sizes=\"(max-width: 3068px) 100vw, 3068px\" \/><\/figure>\n\n\n\n<p><\/p>\n\n\n\n<p>L\u00e4nder mit einer Ungleichbehandlung bei der Mehrwertsteuer sind in Europa die Ausnahme, nicht die Regel. Die meisten L\u00e4nder, darunter Frankreich, Belgien, Finnland, Irland, Portugal und Gro\u00dfbritannien wenden auf pflanzliche und Kuhmilch denselben Mehrwertsteuersatz an. Neben Deutschland wird pflanzliche Milch jedoch auch in einigen anderen europ\u00e4ischen L\u00e4ndern durch die Mehrwertsteuers\u00e4tze benachteiligt \u2013 einige Beispiele daf\u00fcr sind im Folgenden aufgef\u00fchrt:<\/p>\n\n\n\n<h2 class=\"wp-block-heading\"><strong>\u00d6sterreich<\/strong><\/h2>\n\n\n\n<p><strong>Mehrwertsteuer auf pflanzliche Milch:<\/strong> 20%.<\/p>\n\n\n\n<p><strong>Mehrwertsteuer auf Kuhmilch: <\/strong>10%.<\/p>\n\n\n\n<p>Wie Deutschland erhebt auch \u00d6sterreich auf Pflanzenmilch einen deutlich h\u00f6heren Mehrwertsteuersatz als auf Kuhmilch. In j\u00fcngster Zeit wurden Forderungen nach einer Korrektur dieser Ungleichbehandlung von verschiedenen Seiten laut, darunter von der <a href=\"https:\/\/www.vegan.at\/inhalt\/petition-unfaire-besteuerung-von-pflanzlicher-milch-stoppen\" target=\"_blank\" rel=\"noopener\">Veganen Gesellschaft \u00d6sterreich<\/a> und der <a href=\"https:\/\/brutkasten.com\/artikel\/billa-forderung-pflanzliche-milch\" target=\"_blank\" rel=\"noopener\">Einzelhandelskette Billa<\/a>.<\/p>\n\n\n\n<h2 class=\"wp-block-heading\"><strong>Tschechische Republik<\/strong><\/h2>\n\n\n\n<p><strong>Mehrwertsteuer auf pflanzliche Milch:<\/strong> 12%.<\/p>\n\n\n\n<p><strong>Mehrwertsteuer auf Kuhmilch:<\/strong> 12%.<\/p>\n\n\n\n<p>Tschechien ist ein gutes Beispiel f\u00fcr eine Erfolgsgeschichte in diesem Bereich: Mitte 2023 wurde die Ungleichbehandlung bei der Mehrwertsteuer auf pflanzliche und Kuhmilch <a href=\"https:\/\/czechdaily.cz\/czech-republic-plans-to-lower-vat-on-tap-water\/\" target=\"_blank\" rel=\"noopener\">aufgehoben<\/a>, nachdem das Finanzministerium den Vorschlag angenommen hatte, auch f\u00fcr pflanzliche Milch den reduzierten Mehrwertsteuersatz geltend zu machen.<\/p>\n\n\n\n<h2 class=\"wp-block-heading\"><strong>Ungarn<\/strong><\/h2>\n\n\n\n<p><strong>Mehrwertsteuer auf pflanzliche Milch: <\/strong>22%.<\/p>\n\n\n\n<p><strong>Mehrwertsteuer auf Kuhmilch: <\/strong>5%<\/p>\n\n\n\n<p>In Ungarn ist die Benachteiligung pflanzlicher Milchprodukte in Europa am zweitgr\u00f6\u00dften. Da die Lebenshaltungskosten in Ungarn ganz oben auf der Agenda stehen, gibt es die <a href=\"https:\/\/index.hu\/kulfold\/2023\/01\/25\/nemetorszag-elelmiszerar-dragulas-afa-csokkentes-spanyolorszag\/\" target=\"_blank\" rel=\"noopener\">Forderung<\/a>, dass der Gesetzgeber die Mehrwertsteuer auf gesunde und nachhaltige Lebensmittel senken solle.<\/p>\n\n\n\n<h2 class=\"wp-block-heading\"><strong>Italien<\/strong><\/h2>\n\n\n\n<p><strong>Mehrwertsteuer auf pflanzliche Milch:<\/strong> 22%.<\/p>\n\n\n\n<p><strong>Mehrwertsteuer auf Kuhmilch:<\/strong> 4%.<\/p>\n\n\n\n<p>In kaum einem anderen Land in Europa ist der Anteil der Milchunvertr\u00e4glichkeiten so hoch wie in Italien. <a href=\"https:\/\/www.associazioneaili.it\/intolleranza-al-lattosio\/i-primi-passi\" target=\"_blank\" rel=\"noopener\">Sch\u00e4tzungsweise die H\u00e4lfte<\/a> der italienischen Bev\u00f6lkerung ist betroffen. In Italien liegt aber auch die gr\u00f6\u00dfte Ungleichbehandlung bei der Mehrwertsteuer vor \u2013 der Satz f\u00fcr pflanzliche Milch ist 4,5 Mal h\u00f6her als der f\u00fcr Kuhmilch.<\/p>\n\n\n\n<h2 class=\"wp-block-heading\"><strong>Niederlande<\/strong><\/h2>\n\n\n\n<p><strong>Mehrwertsteuer auf pflanzliche Milch:<\/strong> 9% (Defacto Steuererh\u00f6hung um 196% seit 1. Januar 2024)<\/p>\n\n\n\n<p><strong>Mehrwertsteuer auf Kuhmilch:<\/strong> 9%<\/p>\n\n\n\n<p>W\u00e4hrend es in L\u00e4ndern wie Deutschland Initiativen gibt, die Ungleichbehandlung in der Besteuerung zu beheben, wurde in den <a href=\"https:\/\/www.dutchnews.nl\/2023\/03\/plant-based-milks-face-dutch-limonade-tax-hike-next-year\/\" target=\"_blank\" rel=\"noopener\">Niederlanden eine neue Verbrauchssteuer eingef\u00fchrt, die pflanzliche Milch (au\u00dfer Sojamilch) vor\u00fcbergehend schlechter stellt<\/a>. Kuhmilch sowie Milchgetr\u00e4nke mit hohem Fett- und Zuckergehalt wie Milchshakes wurden von der Steuer ausgenommen, nicht aber die Kategorie pflanzliche Milch.&nbsp;<\/p>\n\n\n\n<p>Nach vielfacher <a href=\"https:\/\/nos.nl\/artikel\/2469528-belasting-op-haver-en-rijstmelk-niet-op-koemelk-en-chocolademelk\" target=\"_blank\" rel=\"noopener\">Kritik<\/a> stimmte der niederl\u00e4ndische Senat Ende Dezember 2023 daf\u00fcr, alle pflanzlichen Milchprodukte von der neuen Steuer zu befreien. Woraufhin sich der f\u00fcr Steuern zust\u00e4ndige Staatssekret\u00e4r verpflichtete, im ersten Quartal 2024 einen \u00c4nderungsantrag auszuarbeiten, um pflanzliche und Kuhmilch wieder gleichzustellen.<\/p>\n\n\n\n<h2 class=\"wp-block-heading\"><strong>Slowakei<\/strong><\/h2>\n\n\n\n<p><strong>Mehrwertsteuer auf pflanzliche Milch:<\/strong> 20%.<\/p>\n\n\n\n<p><strong>Mehrwertsteuer auf Kuhmilch: <\/strong>10%.<\/p>\n\n\n\n<p>In der Slowakei gibt es einen wachsenden Markt f\u00fcr pflanzliche Produkte, und laut einer <a href=\"https:\/\/www.agroberichtenbuitenland.nl\/actueel\/nieuws\/2020\/12\/03\/slovakia-plantbased-market-study#:~:text=Opportunity%20to%20enter%20the%20market%20for%20plantbased%20dairy%20alternatives&amp;text=As%20with%20meat%20and%20sausage,milk%20and%20yoghurt%20in%202019.\" target=\"_blank\" rel=\"noopener\">Umfrage aus dem Jahr 2019<\/a> kaufen 39% der Haushalte pflanzliche Milch. Um denjenigen, die sich f\u00fcr pflanzliche Milchprodukte entscheiden, gleiche Bedingungen zu bieten, hat <a href=\"https:\/\/jemprezem.sk\/\" target=\"_blank\" rel=\"noopener\">Jem pre Zem<\/a>, eine Organisation, die sich f\u00fcr die F\u00f6rderung nachhaltiger Ern\u00e4hrungssysteme in der Slowakei einsetzt, k\u00fcrzlich eine <a href=\"https:\/\/www.spravodlivadph.sk\/#peticia\" target=\"_blank\" rel=\"noopener\">Petition<\/a> gestartet, in der die Regierung aufgefordert wird, die Mehrwertsteuer auf pflanzliche Milch auf das Niveau von Kuhmilch zu senken.<\/p>\n\n\n\n<h2 class=\"wp-block-heading\"><strong>Spanien<\/strong><\/h2>\n\n\n\n<p><strong>Mehrwertsteuer auf pflanzliche Milch:<\/strong> 10%&nbsp;<\/p>\n\n\n\n<p><strong>Mehrwertsteuer auf Kuhmilch: <\/strong>0%<\/p>\n\n\n\n<p>Bis vor kurzem unterlag pflanzliche Milch in Spanien einer Mehrwertsteuer von 10%, und damit mehr als doppelt so hoch wie die 4%, die f\u00fcr Kuhmilch galten. Dieser Nachteil wurde jedoch Anfang 2023 im ausgeweitet eines umfassenderen Ma\u00dfnahmenpakets zur Bek\u00e4mpfung der steigenden Lebensmittelpreise beseitigt, indem die Mehrwertsteuer auf Grundnahrungsmittel,&nbsp;zu denen zwar Kuhmilch, aber keine Pflanzenmilch geh\u00f6rt, wurde abgeschafft.<\/p>\n\n\n\n<p>Diese Mehrwertsteuersenkung war jedoch nur als vor\u00fcbergehende Ma\u00dfnahme gedacht, um die Inflation abzumildern, und obwohl sie im <a href=\"https:\/\/www.meridianglobalservices.com\/blog\/2024\/01\/15\/spain-reduced-vat\" target=\"_blank\" rel=\"noreferrer noopener\">Dezember 2023 verl\u00e4ngert<\/a> wurde, bleibt abzuwarten, ob die Ungleichbehandlung bei den Steuers\u00e4tzen wieder beseitigt wird. Eine von <a href=\"https:\/\/proveg.com\/press-release\/spain-says-no-plant-based-vat-discrimination\/\" target=\"_blank\" rel=\"noreferrer noopener\">ProVeg in Auftrag gegebene Umfrage<\/a> ergab, dass \u00fcber 90 % der Spanier mit unterschiedlichen Mehrwertsteuers\u00e4tzen f\u00fcr pflanzliche und Kuhmilch nicht einverstanden sind.<\/p>\n\n\n\n<h2 class=\"wp-block-heading\"><strong>Fazit<\/strong><\/h2>\n\n\n\n<p>Milch auf pflanzlicher Basis ist f\u00fcr Millionen von Menschen in Europa ein Grundnahrungsmittel. Es gibt viele Gr\u00fcnde, warum sich die Verbraucher:innen f\u00fcr pflanzliche Milch entscheiden, z. B. Laktoseintoleranz oder -allergie, Nachhaltigkeit, Biodiversit\u00e4t, Gesundheit oder einfach, weil sie sie bevorzugen. In den meisten europ\u00e4ischen L\u00e4ndern wird in der Ausgestaltung der Mehrwertsteuer anerkannt, dass pflanzliche Milch mit herk\u00f6mmlicher Milch gleichgestellt werden muss, aber es gibt immer noch einige Ausnahmen.&nbsp;<\/p>\n\n\n\n<p>Die Ungleichbehandlung bei der Mehrwertsteuer zu beenden, ist ein einfacher Schritt, um eine ungerechte Benachteiligung einer Gruppe von Produkten zu verringern, die f\u00fcr die Zukunft unseres Ern\u00e4hrungssystems eine wichtige Rolle spielen.&nbsp;<\/p>\n\n\n\n<div class=\"wp-block-buttons alignfull is-horizontal is-content-justification-center is-layout-flex wp-container-core-buttons-is-layout-499968f5 wp-block-buttons-is-layout-flex\">\n<div class=\"wp-block-button is-style-fill\"><a class=\"wp-block-button__link has-black-color has-yellow-background-color has-text-color has-background wp-element-button\" href=\"https:\/\/gfieurope.org\/donate\/\"><strong>Unterst\u00fctzen Sie uns<\/strong><\/a><\/div>\n<\/div>\n\n\n\n<div style=\"height:48px\" aria-hidden=\"true\" class=\"wp-block-spacer\"><\/div>\n\n\n<section class=\"authors alignsemiwide\">\n\t<h2>Author<\/h2>\n\t<div class=\"excerpt excerpt--author excerpt--image\">\n\t\t\t\t\t\t<figure class=\"excerpt__figure&#x20;excerpt__figure--author&#x20;nfs\">\n\t\t<picture>\n\t\t\t\t\t\t\t\t\t\t<source srcset=\"https&#x3A;&#x2F;&#x2F;gfieurope.org&#x2F;de&#x2F;wp-content&#x2F;uploads&#x2F;sites&#x2F;2&#x2F;2022&#x2F;10&#x2F;AmyW-150x150.jpeg&#x20;150w,&#x20;https&#x3A;&#x2F;&#x2F;gfieurope.org&#x2F;de&#x2F;wp-content&#x2F;uploads&#x2F;sites&#x2F;2&#x2F;2022&#x2F;10&#x2F;AmyW-300x300.jpeg&#x20;300w,&#x20;https&#x3A;&#x2F;&#x2F;gfieurope.org&#x2F;de&#x2F;wp-content&#x2F;uploads&#x2F;sites&#x2F;2&#x2F;2022&#x2F;10&#x2F;AmyW-768x768.jpeg&#x20;768w,&#x20;https&#x3A;&#x2F;&#x2F;gfieurope.org&#x2F;de&#x2F;wp-content&#x2F;uploads&#x2F;sites&#x2F;2&#x2F;2022&#x2F;10&#x2F;AmyW-12x12.jpeg&#x20;12w,&#x20;https&#x3A;&#x2F;&#x2F;gfieurope.org&#x2F;de&#x2F;wp-content&#x2F;uploads&#x2F;sites&#x2F;2&#x2F;2022&#x2F;10&#x2F;AmyW-437x437.jpeg&#x20;437w,&#x20;https&#x3A;&#x2F;&#x2F;gfieurope.org&#x2F;de&#x2F;wp-content&#x2F;uploads&#x2F;sites&#x2F;2&#x2F;2022&#x2F;10&#x2F;AmyW-214x214.jpeg&#x20;214w,&#x20;https&#x3A;&#x2F;&#x2F;gfieurope.org&#x2F;de&#x2F;wp-content&#x2F;uploads&#x2F;sites&#x2F;2&#x2F;2022&#x2F;10&#x2F;AmyW.jpeg&#x20;800w\" sizes=\"&#x28;max-width&#x3A;&#x20;150px&#x29;&#x20;100vw,&#x20;150px\" type=\"image\/webp\">\n\t\t\t\t\t\t<img decoding=\"async\" loading=\"lazy\" src=\"https&#x3A;&#x2F;&#x2F;gfieurope.org&#x2F;de&#x2F;wp-content&#x2F;uploads&#x2F;sites&#x2F;2&#x2F;2022&#x2F;10&#x2F;AmyW-150x150.jpeg\" srcset=\"https&#x3A;&#x2F;&#x2F;gfieurope.org&#x2F;de&#x2F;wp-content&#x2F;uploads&#x2F;sites&#x2F;2&#x2F;2022&#x2F;10&#x2F;AmyW-150x150.jpeg&#x20;150w,&#x20;https&#x3A;&#x2F;&#x2F;gfieurope.org&#x2F;de&#x2F;wp-content&#x2F;uploads&#x2F;sites&#x2F;2&#x2F;2022&#x2F;10&#x2F;AmyW-300x300.jpeg&#x20;300w,&#x20;https&#x3A;&#x2F;&#x2F;gfieurope.org&#x2F;de&#x2F;wp-content&#x2F;uploads&#x2F;sites&#x2F;2&#x2F;2022&#x2F;10&#x2F;AmyW-768x768.jpeg&#x20;768w,&#x20;https&#x3A;&#x2F;&#x2F;gfieurope.org&#x2F;de&#x2F;wp-content&#x2F;uploads&#x2F;sites&#x2F;2&#x2F;2022&#x2F;10&#x2F;AmyW-12x12.jpeg&#x20;12w,&#x20;https&#x3A;&#x2F;&#x2F;gfieurope.org&#x2F;de&#x2F;wp-content&#x2F;uploads&#x2F;sites&#x2F;2&#x2F;2022&#x2F;10&#x2F;AmyW-437x437.jpeg&#x20;437w,&#x20;https&#x3A;&#x2F;&#x2F;gfieurope.org&#x2F;de&#x2F;wp-content&#x2F;uploads&#x2F;sites&#x2F;2&#x2F;2022&#x2F;10&#x2F;AmyW-214x214.jpeg&#x20;214w,&#x20;https&#x3A;&#x2F;&#x2F;gfieurope.org&#x2F;de&#x2F;wp-content&#x2F;uploads&#x2F;sites&#x2F;2&#x2F;2022&#x2F;10&#x2F;AmyW.jpeg&#x20;800w\" alt=\"\" height=\"800\" width=\"800\" sizes=\"(max-width: 150px) 100vw, 150px\">\n\t\t<\/picture>\n\t\t\t<\/figure>\n\t\t\t\t<div class=\"excerpt__content\">\n\t\t\t<h3 class=\"excerpt__title\">\n\t\t\t\t\t\t<a class=\"excerpt__link nls\" href=\"https:\/\/gfieurope.org\/de\/team\/amy-williams\/\">\n\t\t\t\t\t\tAmy Williams\n\t\t\t<span class=\"excerpt__title-meta\">Senior Digital Communications Manager &#038; Nutrition Lead<\/span>\n\t\t\t\t\t\t<\/a>\n\t\t\t\t\t\t<\/h3>\n\t\t\t\t\t\t<p><strong>Amy verantwortet GFI Europes digitale Kommunikation zu den gesellschaftlichen Vorteilen von alternativen Proteinen.<\/strong><\/p>\n\t\t\t\t\t<\/div>\n\t<\/div>\n\n<\/section>\n\n\n\n<div style=\"height:48px\" aria-hidden=\"true\" class=\"wp-block-spacer\"><\/div>\n","protected":false},"excerpt":{"rendered":"<p>In einigen europ\u00e4ischen L\u00e4ndern wird auf pflanzliche Milch eine deutlich h\u00f6here Mehrwertsteuer erhoben als auf Kuhmilch. In einigen L\u00e4ndern, darunter Deutschland, gibt es Initiativen, um diese Benachteiligung zu beenden.\u00a0<\/p>\n","protected":false},"author":11,"featured_media":6016,"comment_status":"closed","ping_status":"closed","sticky":false,"template":"","format":"standard","meta":{"_acf_changed":false,"_relevanssi_hide_post":"","_relevanssi_hide_content":"","_relevanssi_pin_for_all":"","_relevanssi_pin_keywords":"","_relevanssi_unpin_keywords":"","_relevanssi_related_keywords":"","_relevanssi_related_include_ids":"","_relevanssi_related_exclude_ids":"","_relevanssi_related_no_append":"","_relevanssi_related_not_related":"","_relevanssi_related_posts":"","_relevanssi_noindex_reason":"","external_url":"","footnotes":""},"categories":[20,38,21],"tags":[125,196,213,195,194,220,218,202,228,214,225,226,227],"authors":[148],"production_platform":[82],"topic":[85],"class_list":["post-5892","post","type-post","status-publish","format-standard","has-post-thumbnail","hentry","category-politik","category-forschung","category-pflanzenbasiert","tag-deutschland","tag-fairer-wettbewerb","tag-italien","tag-mehrwertsteuer","tag-milch","tag-niederlande","tag-oesterreich","tag-pflanzenmilch","tag-slowakei","tag-spanien","tag-steuern","tag-tschechische-republik","tag-ungarn","authors-amy-williams","production_platform-pflanzenbasiert","topic-politik","has-blocks"],"acf":[],"_links":{"self":[{"href":"https:\/\/gfieurope.org\/de\/wp-json\/wp\/v2\/posts\/5892","targetHints":{"allow":["GET"]}}],"collection":[{"href":"https:\/\/gfieurope.org\/de\/wp-json\/wp\/v2\/posts"}],"about":[{"href":"https:\/\/gfieurope.org\/de\/wp-json\/wp\/v2\/types\/post"}],"author":[{"embeddable":true,"href":"https:\/\/gfieurope.org\/de\/wp-json\/wp\/v2\/users\/11"}],"replies":[{"embeddable":true,"href":"https:\/\/gfieurope.org\/de\/wp-json\/wp\/v2\/comments?post=5892"}],"version-history":[{"count":5,"href":"https:\/\/gfieurope.org\/de\/wp-json\/wp\/v2\/posts\/5892\/revisions"}],"predecessor-version":[{"id":6020,"href":"https:\/\/gfieurope.org\/de\/wp-json\/wp\/v2\/posts\/5892\/revisions\/6020"}],"wp:featuredmedia":[{"embeddable":true,"href":"https:\/\/gfieurope.org\/de\/wp-json\/wp\/v2\/media\/6016"}],"wp:attachment":[{"href":"https:\/\/gfieurope.org\/de\/wp-json\/wp\/v2\/media?parent=5892"}],"wp:term":[{"taxonomy":"category","embeddable":true,"href":"https:\/\/gfieurope.org\/de\/wp-json\/wp\/v2\/categories?post=5892"},{"taxonomy":"post_tag","embeddable":true,"href":"https:\/\/gfieurope.org\/de\/wp-json\/wp\/v2\/tags?post=5892"},{"taxonomy":"authors","embeddable":true,"href":"https:\/\/gfieurope.org\/de\/wp-json\/wp\/v2\/authors?post=5892"},{"taxonomy":"production_platform","embeddable":true,"href":"https:\/\/gfieurope.org\/de\/wp-json\/wp\/v2\/production_platform?post=5892"},{"taxonomy":"topic","embeddable":true,"href":"https:\/\/gfieurope.org\/de\/wp-json\/wp\/v2\/topic?post=5892"}],"curies":[{"name":"wp","href":"https:\/\/api.w.org\/{rel}","templated":true}]}}